{"id":4885,"date":"2024-03-25T08:52:03","date_gmt":"2024-03-25T07:52:03","guid":{"rendered":"https:\/\/ramoge.org\/?p=4885"},"modified":"2024-05-17T12:58:25","modified_gmt":"2024-05-17T10:58:25","slug":"firma-di-un-protocollo-dintesa-ramoge-pelagos","status":"publish","type":"post","link":"https:\/\/ramoge.org\/it\/firma-di-un-protocollo-dintesa-ramoge-pelagos\/","title":{"rendered":"FIRMA DI UN PROTOCOLLO D&#8217;INTESA RAMOGE-PELAGOS"},"content":{"rendered":"<p>Il venerd\u00ec 22 marzo 2024, in chiusura della Monaco Ocean Week, i Segretariati dell&#8217;Accordo RAMOGE e dell&#8217;Accordo Pelagos hanno ufficialmente concluso un Protocollo d&#8217;intesa. Questi due Accordi di cooperazione tra Francia, Monaco e Italia, per la preservazione del Mar Mediterraneo, sono stati rappresentati dal Sig. Florent Champion, segretario esecutivo dell&#8217;Accordo RAMOGE, e Sig.ra Viola Cattani, vicesegretario esecutivo dell&#8217;Accordo Pelagos.<\/p>\n<p>La cerimonia si \u00e8 svolta nella grande sala conferenze del Museo Oceanografico di Monaco, alla presenza di S.A.S. il Principe Sovrano Alberto II di Monaco, che \u00e8 stato il grande testimone di questa firma, accompagnato dagli Ambasciatori di Francia e Italia a Monaco, S.E. Jean D&#8217;Haussonville e S.E. Giulio Alaimo.<\/p>\n<p>Questo Protocollo mira a stabilire principi di una collaborazione attiva tra i due Accordi. Agevoler\u00e0 lo scambio e la condivisione di informazioni, incoraggiando nel contempo l&#8217;attuazione di attivit\u00e0 congiunte volte a preservare i mammiferi marini e i loro habitat. La prima iniziativa comune sar\u00e0 l&#8217;organizzazione di un workshop in autunno 2024, per sensibilizzare sul problema dei rifiuti marini, una minaccia importante per la biodiversit\u00e0.<\/p>\n<p>Credito foto : \u00a9 Direction de la Communication Fr\u00e9d\u00e9ric Nebinger<\/p>\n","protected":false},"excerpt":{"rendered":"<p>Il venerd\u00ec 22 marzo 2024, in chiusura della Monaco Ocean Week, i Segretariati dell&#8217;Accordo RAMOGE e dell&#8217;Accordo Pelagos hanno ufficialmente concluso un Protocollo d&#8217;intesa. Questi due Accordi di cooperazione tra Francia, Monaco e Italia, per la preservazione del Mar Mediterraneo,<span class=\"ellipsis\">&hellip;<\/span> <a href=\"https:\/\/ramoge.org\/it\/firma-di-un-protocollo-dintesa-ramoge-pelagos\/\"><\/p>\n<div class=\"read-more\">Read more &#8250;<\/div>\n<p><!-- end of .read-more --><\/a><\/p>\n","protected":false},"author":89,"featured_media":0,"comment_status":"closed","ping_status":"closed","sticky":false,"template":"","format":"standard","meta":{"footnotes":""},"categories":[33],"tags":[],"class_list":["post-4885","post","type-post","status-publish","format-standard","hentry","category-news"],"acf":[],"aioseo_notices":[],"_links":{"self":[{"href":"https:\/\/ramoge.org\/it\/wp-json\/wp\/v2\/posts\/4885","targetHints":{"allow":["GET"]}}],"collection":[{"href":"https:\/\/ramoge.org\/it\/wp-json\/wp\/v2\/posts"}],"about":[{"href":"https:\/\/ramoge.org\/it\/wp-json\/wp\/v2\/types\/post"}],"author":[{"embeddable":true,"href":"https:\/\/ramoge.org\/it\/wp-json\/wp\/v2\/users\/89"}],"replies":[{"embeddable":true,"href":"https:\/\/ramoge.org\/it\/wp-json\/wp\/v2\/comments?post=4885"}],"version-history":[{"count":1,"href":"https:\/\/ramoge.org\/it\/wp-json\/wp\/v2\/posts\/4885\/revisions"}],"predecessor-version":[{"id":4886,"href":"https:\/\/ramoge.org\/it\/wp-json\/wp\/v2\/posts\/4885\/revisions\/4886"}],"wp:attachment":[{"href":"https:\/\/ramoge.org\/it\/wp-json\/wp\/v2\/media?parent=4885"}],"wp:term":[{"taxonomy":"category","embeddable":true,"href":"https:\/\/ramoge.org\/it\/wp-json\/wp\/v2\/categories?post=4885"},{"taxonomy":"post_tag","embeddable":true,"href":"https:\/\/ramoge.org\/it\/wp-json\/wp\/v2\/tags?post=4885"}],"curies":[{"name":"wp","href":"https:\/\/api.w.org\/{rel}","templated":true}]}}